{"id":4911,"date":"2022-09-22T15:41:13","date_gmt":"2022-09-22T15:41:13","guid":{"rendered":"https:\/\/www.eudonet.com\/temoignage-crm-association-professionnelle-uimm-alsace-fabrique-avenir-happy-user\/"},"modified":"2025-11-07T09:04:51","modified_gmt":"2025-11-07T09:04:51","slug":"association-professionnelle-uimm-alsace","status":"publish","type":"post","link":"https:\/\/www.eudonet.com\/fr\/ressources\/blog\/association-professionnelle-uimm-alsace\/","title":{"rendered":"T\u00e9moignage : UIMM Alsace \u2013 La Fabrique de l\u2019Avenir"},"content":{"rendered":"\n<div class=\"wp-block-lord-blocks-highlight wp-block--highlight\">\n<p><strong>En r\u00e9sum\u00e9<\/strong><\/p>\n\n\n\n<p>L\u2019<strong>UIMM Alsace<\/strong>, syndicat patronal de la m\u00e9tallurgie, accompagne plus de 300 entreprises industrielles dans leurs missions sociales, juridiques et RH, tout en promouvant les m\u00e9tiers de l\u2019industrie aupr\u00e8s du grand public. Face \u00e0 la complexit\u00e9 croissante de ses activit\u00e9s et \u00e0 la n\u00e9cessit\u00e9 de centraliser ses donn\u00e9es, l\u2019organisation a choisi de moderniser son syst\u00e8me d\u2019information en adoptant\u00a0<strong>Eudonet<\/strong>.<\/p>\n\n\n\n<p>Le projet a permis de remplacer un ancien CRM obsol\u00e8te par une <strong>plateforme compl\u00e8te et \u00e9volutive<\/strong>. Gr\u00e2ce \u00e0 une collaboration \u00e9troite avec les \u00e9quipes d\u2019Eudonet et un accompagnement humain tout au long du d\u00e9ploiement, la conduite du changement s\u2019est op\u00e9r\u00e9e avec succ\u00e8s. Les formations dispens\u00e9es ont favoris\u00e9 l\u2019adoption rapide de l\u2019outil, aujourd\u2019hui indispensable au quotidien.<\/p>\n\n\n\n<p>Depuis la mise en place d\u2019Eudonet, l\u2019UIMM Alsace a gagn\u00e9 en efficacit\u00e9 : <strong>centralisation<\/strong> <strong>des<\/strong> <strong>donn\u00e9es<\/strong> adh\u00e9rents, <strong>gestion fluide<\/strong> des mandats et sollicitations, <strong>automatisation<\/strong> <strong>des inscriptions<\/strong> aux \u00e9v\u00e9nements et acc\u00e8s s\u00e9curis\u00e9 aux informations, m\u00eame \u00e0 distance.<\/p>\n\n\n\n<p><strong>En bref :<\/strong>\u00a0un CRM moderne, collaboratif et fiable qui a permis \u00e0 l\u2019UIMM Alsace de simplifier sa gestion, renforcer sa r\u00e9activit\u00e9 et mieux servir ses adh\u00e9rents, le tout en s\u2019appuyant sur un partenaire \u00e0 l\u2019\u00e9coute et comp\u00e9tent.<\/p>\n<\/div>\n\n\n\n<p>Syndicat patronal de la m\u00e9tallurgie en Alsace, l\u2019<strong>UIMM Alsace<\/strong> a pour r\u00f4le, entre autres, de rassembler, repr\u00e9senter, promouvoir et d\u00e9fendre les int\u00e9r\u00eats des entreprises industrielles. Ses missions sont nombreuses et hautement indispensables \u00e0 cette branche professionnelle :<\/p>\n\n\n\n<ul class=\"wp-block-list\">\n<li><strong>Affirmer<\/strong> sa pr\u00e9sence dans toutes les instances de la vie \u00e9conomique et sociale par les mandats patronaux<\/li>\n\n\n\n<li><strong>G\u00e9rer<\/strong> et faire \u00e9voluer la convention collective en pr\u00e9servant les int\u00e9r\u00eats des entreprises<\/li>\n\n\n\n<li><strong>N\u00e9gocier<\/strong> avec les partenaires sociaux<\/li>\n\n\n\n<li><strong>Accompagner<\/strong> les entreprises dans les domaines de comp\u00e9tence du droit social, droit des soci\u00e9t\u00e9s, Gestion RH, Sant\u00e9 S\u00e9curit\u00e9 Environnement, Emploi Formation<\/li>\n\n\n\n<li><strong>D\u00e9velopper<\/strong> les comp\u00e9tences des salari\u00e9s pour accro\u00eetre la comp\u00e9titivit\u00e9 des entreprises, par son organisme de formation (ASIM Alsace)<\/li>\n\n\n\n<li><strong>Promouvoir<\/strong> les m\u00e9tiers industriels aupr\u00e8s des jeunes et du grand public<\/li>\n<\/ul>\n\n\n\n<p>De fait, l\u2019utilisation d\u2019une <strong>plateforme <a href=\"https:\/\/www.eudonet.com\/fr\/secteurs\/asso-pro\/\">CRM Associations Professionnelles<\/a><\/strong> s\u2019est av\u00e9r\u00e9e n\u00e9cessaire. Alors \u00e9quip\u00e9 d\u2019un CRM d\u00e9velopp\u00e9 sp\u00e9cifiquement pour l\u2019UIMM, basic et ne connaissant plus d\u2019\u00e9volution depuis plusieurs ann\u00e9es, Sandra Gross \u2013 Directrice Administrative et Financi\u00e8re \u2013 a eu pour mission de mettre en place une nouvelle solution. Elle revient pour nous sur son exp\u00e9rience avec Eudonet.<\/p>\n\n\n\n<div class=\"wp-block-lord-blocks-highlight-content wp-block--highlight-content\">\n<p><strong>L\u2019UIMM Alsace en quelques chiffres<\/strong><\/p>\n\n\n\n<ul class=\"wp-block-list\">\n<li>320 adh\u00e9rents repr\u00e9sentant 52.000 salari\u00e9s<\/li>\n\n\n\n<li>250 mandats patronaux<\/li>\n\n\n\n<li>1 si\u00e8ge social \u00e0 Eckbolsheim (67) \u2013 1 antenne \u00e0 Mulhouse (68)<\/li>\n\n\n\n<li>17 collaborateurs<\/li>\n<\/ul>\n<\/div>\n\n\n\n<div class=\"wp-block-lord-blocks-highlight-content wp-block--highlight-content\">\n<p><strong>Les services de l\u2019UIMM Alsace<\/strong><\/p>\n\n\n\n<ul class=\"wp-block-list\">\n<li>Service juridique en droit social et droit des soci\u00e9t\u00e9s<\/li>\n\n\n\n<li>Service juridique en Sant\u00e9, S\u00e9curit\u00e9, Environnement<\/li>\n\n\n\n<li>Formation : CQPM \u2013 \u00c9cole de Management, formation en Droit Social, Ressources Humaines, Sant\u00e9 S\u00e9curit\u00e9 Environnement, Communication<\/li>\n\n\n\n<li>Prestations de services (accompagnement RH, diagnostic et accompagnement GPEC, Sant\u00e9, S\u00e9curit\u00e9, RSE, AT MP)<\/li>\n\n\n\n<li>Promotion des m\u00e9tiers de l\u2019Industrie<\/li>\n<\/ul>\n<\/div>\n\n\n\n<h2 class=\"wp-block-heading\">Un changement de CRM r\u00e9ussi gr\u00e2ce \u00e0 une collaboration rassurante<\/h2>\n\n\n\n<p>\u00c0 son arriv\u00e9e en f\u00e9vrier 2019 au sein de l\u2019UIMM Alsace, Sandra Gross a \u00e9t\u00e9 missionn\u00e9e pour mettre en place une nouvelle <strong>solution <a href=\"https:\/\/www.eudonet.com\/fr\/solutions\/crm\/\">CRM<\/a><\/strong> au c\u0153ur du syst\u00e8me d\u2019information du syndicat. <\/p>\n\n\n\n<div class=\"wp-block-lord-blocks-blockquote wp-block--blockquote\"><blockquote>Venant du MEDEF Alsace, nous travaillions sur le logiciel GRIOTTE \u00e9dit\u00e9 par Syrah Informatique (Groupe Eudonet). Puisque les deux soci\u00e9t\u00e9s s\u2019\u00e9taient rapproch\u00e9es, le choix du CRM d\u2019Eudonet s\u2019est finalement fait assez naturellement. \n\nAu cours de plusieurs entretiens en visio et par t\u00e9l\u00e9phone, j\u2019ai pu expliquer \u00e0 C\u00e9dric (Chef de projet chez Eudonet) notre fonctionnement, nos missions, nos mani\u00e8res de travailler\u2026 Ensemble, nous avons d\u00e9termin\u00e9 les \u00e9l\u00e9ments que l\u2019on souhaitait importer de notre ancien CRM vers la nouvelle solution. Au cours des mois d\u2019avril et mai, nous avons r\u00e9alis\u00e9 ces exports de notre CRM vers des fichiers Excel pendant que C\u00e9dric se chargeait du d\u00e9ploiement de notre outil. Il est extr\u00eamement comp\u00e9tent et sympathique. Avec lui, tout semblait simple et c\u2019\u00e9tait rassurant ! \n\nNous avons inform\u00e9 l\u2019ensemble de nos \u00e9quipes d\u00e8s la gen\u00e8se de ce projet. Il \u00e9tait important d\u2019impliquer nos collaborateurs au plus vite et de les tenir inform\u00e9s r\u00e9guli\u00e8rement de l\u2019avanc\u00e9e du projet.<\/blockquote><p>Sandra Gross, Directrice Administrative et Financi\u00e8re<\/p><\/div>\n\n\n\n<h2 class=\"wp-block-heading\">Une conduite du changement bien men\u00e9e malgr\u00e9 quelques r\u00e9ticences<\/h2>\n\n\n\n<p>Parce la pr\u00e9c\u00e9dente solution CRM \u00e9tait basique et simple d\u2019utilisation, <strong>les r\u00e9ticences au changement ont tout naturellement \u00e9t\u00e9 exprim\u00e9es<\/strong> au sein des \u00e9quipes de l\u2019UIMM Alsace. <em>Pourquoi s\u2019emb\u00eater \u00e0 faire plus compliqu\u00e9 ?<\/em><\/p>\n\n\n\n<div class=\"wp-block-lord-blocks-blockquote wp-block--blockquote\"><blockquote>Il a fallu expliquer que non. Bien que diff\u00e9rent, cela ne serait pas plus compliqu\u00e9. Il y avait de multiples avantages \u00e0 avoir un outil capable de centraliser \u00e0 la fois, les fiches soci\u00e9t\u00e9s, les fiches contacts, les sollicitations, les mandats, les r\u00e9unions, les cotisations\u2026<\/blockquote><p>Sandra Gross, Directrice Administrative et Financi\u00e8re<\/p><\/div>\n\n\n\n<p>Dans la <strong>conduite du changement <\/strong>au sein de l\u2019UIMM Alsace, les formations \u00e0 l\u2019outils Eudonet ont \u00e9t\u00e9 strat\u00e9giques. D\u00e8s le lancement du projet, des sessions de formations ont \u00e9t\u00e9 planifi\u00e9es pour accompagner la <strong><a href=\"https:\/\/www.eudonet.com\/fr\/solutions\/accompagnement-support\/\">mise en place du CRM<\/a><\/strong>. <\/p>\n\n\n\n<div class=\"wp-block-lord-blocks-blockquote wp-block--blockquote\"><blockquote>Chaque collaborateur a \u00e9t\u00e9 form\u00e9 sur l\u2019utilisation de base du logiciel (fiche soci\u00e9t\u00e9 et contact : recherche, consultation, modification\u2026), les filtres simples et les sollicitations. Une formation d\u2019une journ\u00e9e a \u00e9t\u00e9 suffisante. \n\nLe service administratif que je dirige (3 assistantes administratives et moi-m\u00eame) devait avoir une formation plus pouss\u00e9e sur les fonctions de base mais aussi sur d\u2019autres fonctions du logiciel : mailing, organisation de r\u00e9unions, filtres avanc\u00e9s, mandat, cotisation\u2026 A la fin de la journ\u00e9e, la formation ayant \u00e9t\u00e9 insuffisante pour \u00eatre capable d\u2019utiliser notre CRM a sa pleine capacit\u00e9, j\u2019ai recontact\u00e9 C\u00e9dric afin de fixer 2 nouveaux jours de formation pour lesquels il s\u2019est lui-m\u00eame d\u00e9plac\u00e9. A l\u2019issue de ces 2 jours, nous \u00e9tions \u00e0 la fois rassur\u00e9s et mieux arm\u00e9s pour l\u2019utilisation d\u2019Eudonet au quotidien. Sa comp\u00e9tence et sa p\u00e9dagogie ont \u00e9t\u00e9 d\u2019une aide pr\u00e9cieuse.\n\nLa r\u00e9sistance au changement au sein des \u00e9quipes de l\u2019UIMM Alsace s\u2019est surtout ressentie lorsque des bugs ont \u00e9t\u00e9 identifi\u00e9s. Car leur correction a pris du temps. En cons\u00e9quence, cela a occasionn\u00e9 du stress chez nos collaborateurs. Mais petit \u00e0 petit, tout est entr\u00e9 dans l\u2019ordre et personne ne pourrait se passer d\u2019Eudonet aujourd\u2019hui ! A noter qu\u2019Eudonet nous a permis de continuer notre activit\u00e9 lors du confinement de mars 2020, avec l\u2019acc\u00e8s possible du domicile de chaque salari\u00e9.<\/blockquote><p>Sandra Gross, Directrice Administrative et Financi\u00e8re<\/p><\/div>\n\n\n\n<h2 class=\"wp-block-heading\">Des b\u00e9n\u00e9fices notables depuis la mise en place d\u2019Eudonet<\/h2>\n\n\n\n<p>Utilis\u00e9e pour la gestion de leurs<strong> adh\u00e9rents<\/strong> (adh\u00e9sions, fiches soci\u00e9t\u00e9s, fiches contacts), leurs <strong>communications<\/strong>, l\u2019organisation de leurs <strong>\u00e9v\u00e9nements<\/strong> et <strong>r\u00e9unions<\/strong>, la gestion des <strong>sollicitations<\/strong> et des <strong>mandats patronaux<\/strong>, la plateforme d\u2019Eudonet a permis aux collaborateurs de l\u2019UIMM Alsace d\u2019am\u00e9liorer son fonctionnement et de gagner du temps pour se consacrer \u00e0 leurs missions premi\u00e8res.<\/p>\n\n\n\n<div class=\"wp-block-lord-blocks-blockquote wp-block--blockquote\"><blockquote>Nous avons pu nous passer de nos divers fichiers Excel contenant nos diverses donn\u00e9es et les centraliser dans un outil unique et partag\u00e9. Toute l\u2019information est ainsi disponible pour tous, \u00e0 tout moment, que l\u2019on soit au bureau ou \u00e0 domicile. Gr\u00e2ce au CRM, nos adh\u00e9rents peuvent dor\u00e9navant s\u2019inscrire en ligne aux r\u00e9unions, formations et autres \u00e9v\u00e9nements \n\nEudonet est une entreprise s\u00e9rieuse et comp\u00e9tente. La relation avec le service support, que ma collaboratrice sollicite r\u00e9guli\u00e8rement, est excellente et les techniciens comp\u00e9tents, r\u00e9actifs et rapides. J\u2019ai d\u00e9j\u00e0 recommand\u00e9 la solution \u00e0 d\u2019autres organismes et continuerai \u00e0 le faire.<\/blockquote><p>Sandra Gross, Directrice Administrative et Financi\u00e8re<\/p><\/div>\n\n\n\n<p>Nous remercions infiniment Sandra Gross pour son t\u00e9moignage et les retours pr\u00e9cieux faits sur la plateforme <strong>Eudonet<\/strong>.<\/p>\n","protected":false},"excerpt":{"rendered":"<p>Syndicat patronal de la m\u00e9tallurgie en Alsace, l\u2019UIMM Alsace a pour r\u00f4le, entre autres, de rassembler, repr\u00e9senter, promouvoir et d\u00e9fendre les int\u00e9r\u00eats des entreprises industrielles. Ses missions sont nombreuses et hautement indispensables \u00e0 cette branche professionnelle : De fait, l\u2019utilisation d\u2019une plateforme CRM Associations Professionnelles s\u2019est av\u00e9r\u00e9e n\u00e9cessaire. Alors \u00e9quip\u00e9 d\u2019un CRM d\u00e9velopp\u00e9 sp\u00e9cifiquement pour [&hellip;]<\/p>\n","protected":false},"author":3,"featured_media":27851,"comment_status":"open","ping_status":"open","sticky":false,"template":"","format":"standard","meta":{"_acf_changed":false,"_yoast_wpseo_focuskw":"","_yoast_wpseo_title":"Servir les adh\u00e9rents : t\u00e9moignage client UIMM Alsace | Eudonet","_yoast_wpseo_metadesc":"La plateforme CRM Eudonet a permis \u00e0 l\u2019UIMM Alsace de simplifier sa gestion, renforcer sa r\u00e9activit\u00e9 et mieux servir ses adh\u00e9rents !","footnotes":""},"tags":[],"sectors":[57],"solutions":[55],"class_list":["post-4911","post","type-post","status-publish","format-standard","has-post-thumbnail","hentry"],"acf":{"article_suptitle":"","article_short_desc":"Sandra Gross, Directrice Administrative et Financi\u00e8re de l'UIMM Alsace, revient pour nous sur son exp\u00e9rience avec la plateforme CRM Associations Professionnelles d'Eudonet.","article_caption":"","article_related":"","author_name":"Thomas de Chevigny","author_link":"https:\/\/www.linkedin.com\/in\/thomas-de-chevigny-4566829","author_photo":24293,"author_bio":""},"yoast_head":"<!-- This site is optimized with the Yoast SEO Premium plugin v26.3 (Yoast SEO v26.6) - https:\/\/yoast.com\/wordpress\/plugins\/seo\/ -->\n<title>Servir les adh\u00e9rents : t\u00e9moignage client UIMM Alsace | Eudonet<\/title>\n<meta name=\"description\" content=\"La plateforme CRM Eudonet a permis \u00e0 l\u2019UIMM Alsace de simplifier sa gestion, renforcer sa r\u00e9activit\u00e9 et mieux servir ses adh\u00e9rents !\" \/>\n<meta name=\"robots\" content=\"index, follow, max-snippet:-1, max-image-preview:large, max-video-preview:-1\" \/>\n<link rel=\"canonical\" href=\"https:\/\/www.eudonet.com\/fr\/ressources\/blog\/association-professionnelle-uimm-alsace\/\" \/>\n<meta property=\"og:locale\" content=\"fr_FR\" \/>\n<meta property=\"og:type\" content=\"article\" \/>\n<meta property=\"og:title\" content=\"T\u00e9moignage : UIMM Alsace \u2013 La Fabrique de l\u2019Avenir\" \/>\n<meta property=\"og:description\" content=\"La plateforme CRM Eudonet a permis \u00e0 l\u2019UIMM Alsace de simplifier sa gestion, renforcer sa r\u00e9activit\u00e9 et mieux servir ses adh\u00e9rents !\" \/>\n<meta property=\"og:url\" content=\"https:\/\/www.eudonet.com\/fr\/ressources\/blog\/association-professionnelle-uimm-alsace\/\" \/>\n<meta property=\"og:site_name\" content=\"Eudonet\" \/>\n<meta property=\"article:published_time\" content=\"2022-09-22T15:41:13+00:00\" \/>\n<meta property=\"article:modified_time\" content=\"2025-11-07T09:04:51+00:00\" \/>\n<meta property=\"og:image\" content=\"https:\/\/www.eudonet.com\/wp-content\/uploads\/2025\/09\/001-general-blog-2.png\" \/>\n\t<meta property=\"og:image:width\" content=\"800\" \/>\n\t<meta property=\"og:image:height\" content=\"525\" \/>\n\t<meta property=\"og:image:type\" content=\"image\/png\" \/>\n<meta name=\"author\" content=\"DavidPavel\" \/>\n<meta name=\"twitter:card\" content=\"summary_large_image\" \/>\n<meta name=\"twitter:label1\" content=\"\u00c9crit par\" \/>\n\t<meta name=\"twitter:data1\" content=\"DavidPavel\" \/>\n\t<meta name=\"twitter:label2\" content=\"Dur\u00e9e de lecture estim\u00e9e\" \/>\n\t<meta name=\"twitter:data2\" content=\"4 minutes\" \/>\n<script type=\"application\/ld+json\" class=\"yoast-schema-graph\">{\"@context\":\"https:\/\/schema.org\",\"@graph\":[{\"@type\":\"WebPage\",\"@id\":\"https:\/\/www.eudonet.com\/fr\/ressources\/blog\/association-professionnelle-uimm-alsace\/\",\"url\":\"https:\/\/www.eudonet.com\/fr\/ressources\/blog\/association-professionnelle-uimm-alsace\/\",\"name\":\"Servir les adh\u00e9rents : t\u00e9moignage client UIMM Alsace | Eudonet\",\"isPartOf\":{\"@id\":\"https:\/\/www.eudonet.com\/fr\/#website\"},\"primaryImageOfPage\":{\"@id\":\"https:\/\/www.eudonet.com\/fr\/ressources\/blog\/association-professionnelle-uimm-alsace\/#primaryimage\"},\"image\":{\"@id\":\"https:\/\/www.eudonet.com\/fr\/ressources\/blog\/association-professionnelle-uimm-alsace\/#primaryimage\"},\"thumbnailUrl\":\"https:\/\/www.eudonet.com\/wp-content\/uploads\/2025\/09\/001-general-blog-2.png\",\"datePublished\":\"2022-09-22T15:41:13+00:00\",\"dateModified\":\"2025-11-07T09:04:51+00:00\",\"author\":{\"@id\":\"https:\/\/www.eudonet.com\/fr\/#\/schema\/person\/5feecea7af5893ac08aa6aa6f83f5a1e\"},\"description\":\"La plateforme CRM Eudonet a permis \u00e0 l\u2019UIMM Alsace de simplifier sa gestion, renforcer sa r\u00e9activit\u00e9 et mieux servir ses adh\u00e9rents !\",\"breadcrumb\":{\"@id\":\"https:\/\/www.eudonet.com\/fr\/ressources\/blog\/association-professionnelle-uimm-alsace\/#breadcrumb\"},\"inLanguage\":\"fr-FR\",\"potentialAction\":[{\"@type\":\"ReadAction\",\"target\":[\"https:\/\/www.eudonet.com\/fr\/ressources\/blog\/association-professionnelle-uimm-alsace\/\"]}]},{\"@type\":\"ImageObject\",\"inLanguage\":\"fr-FR\",\"@id\":\"https:\/\/www.eudonet.com\/fr\/ressources\/blog\/association-professionnelle-uimm-alsace\/#primaryimage\",\"url\":\"https:\/\/www.eudonet.com\/wp-content\/uploads\/2025\/09\/001-general-blog-2.png\",\"contentUrl\":\"https:\/\/www.eudonet.com\/wp-content\/uploads\/2025\/09\/001-general-blog-2.png\",\"width\":800,\"height\":525},{\"@type\":\"BreadcrumbList\",\"@id\":\"https:\/\/www.eudonet.com\/fr\/ressources\/blog\/association-professionnelle-uimm-alsace\/#breadcrumb\",\"itemListElement\":[{\"@type\":\"ListItem\",\"position\":1,\"name\":\"Accueil\",\"item\":\"https:\/\/www.eudonet.com\/fr\/\"},{\"@type\":\"ListItem\",\"position\":2,\"name\":\"T\u00e9moignage : UIMM Alsace \u2013 La Fabrique de l\u2019Avenir\"}]},{\"@type\":\"WebSite\",\"@id\":\"https:\/\/www.eudonet.com\/fr\/#website\",\"url\":\"https:\/\/www.eudonet.com\/fr\/\",\"name\":\"Eudonet\",\"description\":\"\",\"potentialAction\":[{\"@type\":\"SearchAction\",\"target\":{\"@type\":\"EntryPoint\",\"urlTemplate\":\"https:\/\/www.eudonet.com\/fr\/?s={search_term_string}\"},\"query-input\":{\"@type\":\"PropertyValueSpecification\",\"valueRequired\":true,\"valueName\":\"search_term_string\"}}],\"inLanguage\":\"fr-FR\"},{\"@type\":\"Person\",\"@id\":\"https:\/\/www.eudonet.com\/fr\/#\/schema\/person\/5feecea7af5893ac08aa6aa6f83f5a1e\",\"name\":\"DavidPavel\",\"image\":{\"@type\":\"ImageObject\",\"inLanguage\":\"fr-FR\",\"@id\":\"https:\/\/www.eudonet.com\/fr\/#\/schema\/person\/image\/\",\"url\":\"https:\/\/secure.gravatar.com\/avatar\/cccca236fabbe6c2923ce093d1abb51986041543c62d6c9edbbd4dabf3728287?s=96&d=mm&r=g\",\"contentUrl\":\"https:\/\/secure.gravatar.com\/avatar\/cccca236fabbe6c2923ce093d1abb51986041543c62d6c9edbbd4dabf3728287?s=96&d=mm&r=g\",\"caption\":\"DavidPavel\"}},{\"@type\":\"ImageObject\",\"inLanguage\":\"fr-FR\",\"@id\":\"https:\/\/www.eudonet.com\/fr\/ressources\/blog\/association-professionnelle-uimm-alsace\/#local-main-organization-logo\",\"url\":\"\",\"contentUrl\":\"\",\"caption\":\"Eudonet\"}]}<\/script>\n<!-- \/ Yoast SEO Premium plugin. -->","yoast_head_json":{"title":"Servir les adh\u00e9rents : t\u00e9moignage client UIMM Alsace | Eudonet","description":"La plateforme CRM Eudonet a permis \u00e0 l\u2019UIMM Alsace de simplifier sa gestion, renforcer sa r\u00e9activit\u00e9 et mieux servir ses adh\u00e9rents !","robots":{"index":"index","follow":"follow","max-snippet":"max-snippet:-1","max-image-preview":"max-image-preview:large","max-video-preview":"max-video-preview:-1"},"canonical":"https:\/\/www.eudonet.com\/fr\/ressources\/blog\/association-professionnelle-uimm-alsace\/","og_locale":"fr_FR","og_type":"article","og_title":"T\u00e9moignage : UIMM Alsace \u2013 La Fabrique de l\u2019Avenir","og_description":"La plateforme CRM Eudonet a permis \u00e0 l\u2019UIMM Alsace de simplifier sa gestion, renforcer sa r\u00e9activit\u00e9 et mieux servir ses adh\u00e9rents !","og_url":"https:\/\/www.eudonet.com\/fr\/ressources\/blog\/association-professionnelle-uimm-alsace\/","og_site_name":"Eudonet","article_published_time":"2022-09-22T15:41:13+00:00","article_modified_time":"2025-11-07T09:04:51+00:00","og_image":[{"width":800,"height":525,"url":"https:\/\/www.eudonet.com\/wp-content\/uploads\/2025\/09\/001-general-blog-2.png","type":"image\/png"}],"author":"DavidPavel","twitter_card":"summary_large_image","twitter_misc":{"\u00c9crit par":"DavidPavel","Dur\u00e9e de lecture estim\u00e9e":"4 minutes"},"schema":{"@context":"https:\/\/schema.org","@graph":[{"@type":"WebPage","@id":"https:\/\/www.eudonet.com\/fr\/ressources\/blog\/association-professionnelle-uimm-alsace\/","url":"https:\/\/www.eudonet.com\/fr\/ressources\/blog\/association-professionnelle-uimm-alsace\/","name":"Servir les adh\u00e9rents : t\u00e9moignage client UIMM Alsace | Eudonet","isPartOf":{"@id":"https:\/\/www.eudonet.com\/fr\/#website"},"primaryImageOfPage":{"@id":"https:\/\/www.eudonet.com\/fr\/ressources\/blog\/association-professionnelle-uimm-alsace\/#primaryimage"},"image":{"@id":"https:\/\/www.eudonet.com\/fr\/ressources\/blog\/association-professionnelle-uimm-alsace\/#primaryimage"},"thumbnailUrl":"https:\/\/www.eudonet.com\/wp-content\/uploads\/2025\/09\/001-general-blog-2.png","datePublished":"2022-09-22T15:41:13+00:00","dateModified":"2025-11-07T09:04:51+00:00","author":{"@id":"https:\/\/www.eudonet.com\/fr\/#\/schema\/person\/5feecea7af5893ac08aa6aa6f83f5a1e"},"description":"La plateforme CRM Eudonet a permis \u00e0 l\u2019UIMM Alsace de simplifier sa gestion, renforcer sa r\u00e9activit\u00e9 et mieux servir ses adh\u00e9rents !","breadcrumb":{"@id":"https:\/\/www.eudonet.com\/fr\/ressources\/blog\/association-professionnelle-uimm-alsace\/#breadcrumb"},"inLanguage":"fr-FR","potentialAction":[{"@type":"ReadAction","target":["https:\/\/www.eudonet.com\/fr\/ressources\/blog\/association-professionnelle-uimm-alsace\/"]}]},{"@type":"ImageObject","inLanguage":"fr-FR","@id":"https:\/\/www.eudonet.com\/fr\/ressources\/blog\/association-professionnelle-uimm-alsace\/#primaryimage","url":"https:\/\/www.eudonet.com\/wp-content\/uploads\/2025\/09\/001-general-blog-2.png","contentUrl":"https:\/\/www.eudonet.com\/wp-content\/uploads\/2025\/09\/001-general-blog-2.png","width":800,"height":525},{"@type":"BreadcrumbList","@id":"https:\/\/www.eudonet.com\/fr\/ressources\/blog\/association-professionnelle-uimm-alsace\/#breadcrumb","itemListElement":[{"@type":"ListItem","position":1,"name":"Accueil","item":"https:\/\/www.eudonet.com\/fr\/"},{"@type":"ListItem","position":2,"name":"T\u00e9moignage : UIMM Alsace \u2013 La Fabrique de l\u2019Avenir"}]},{"@type":"WebSite","@id":"https:\/\/www.eudonet.com\/fr\/#website","url":"https:\/\/www.eudonet.com\/fr\/","name":"Eudonet","description":"","potentialAction":[{"@type":"SearchAction","target":{"@type":"EntryPoint","urlTemplate":"https:\/\/www.eudonet.com\/fr\/?s={search_term_string}"},"query-input":{"@type":"PropertyValueSpecification","valueRequired":true,"valueName":"search_term_string"}}],"inLanguage":"fr-FR"},{"@type":"Person","@id":"https:\/\/www.eudonet.com\/fr\/#\/schema\/person\/5feecea7af5893ac08aa6aa6f83f5a1e","name":"DavidPavel","image":{"@type":"ImageObject","inLanguage":"fr-FR","@id":"https:\/\/www.eudonet.com\/fr\/#\/schema\/person\/image\/","url":"https:\/\/secure.gravatar.com\/avatar\/cccca236fabbe6c2923ce093d1abb51986041543c62d6c9edbbd4dabf3728287?s=96&d=mm&r=g","contentUrl":"https:\/\/secure.gravatar.com\/avatar\/cccca236fabbe6c2923ce093d1abb51986041543c62d6c9edbbd4dabf3728287?s=96&d=mm&r=g","caption":"DavidPavel"}},{"@type":"ImageObject","inLanguage":"fr-FR","@id":"https:\/\/www.eudonet.com\/fr\/ressources\/blog\/association-professionnelle-uimm-alsace\/#local-main-organization-logo","url":"","contentUrl":"","caption":"Eudonet"}]}},"_links":{"self":[{"href":"https:\/\/www.eudonet.com\/fr\/wp-json\/wp\/v2\/posts\/4911","targetHints":{"allow":["GET"]}}],"collection":[{"href":"https:\/\/www.eudonet.com\/fr\/wp-json\/wp\/v2\/posts"}],"about":[{"href":"https:\/\/www.eudonet.com\/fr\/wp-json\/wp\/v2\/types\/post"}],"author":[{"embeddable":true,"href":"https:\/\/www.eudonet.com\/fr\/wp-json\/wp\/v2\/users\/3"}],"replies":[{"embeddable":true,"href":"https:\/\/www.eudonet.com\/fr\/wp-json\/wp\/v2\/comments?post=4911"}],"version-history":[{"count":2,"href":"https:\/\/www.eudonet.com\/fr\/wp-json\/wp\/v2\/posts\/4911\/revisions"}],"predecessor-version":[{"id":32203,"href":"https:\/\/www.eudonet.com\/fr\/wp-json\/wp\/v2\/posts\/4911\/revisions\/32203"}],"wp:featuredmedia":[{"embeddable":true,"href":"https:\/\/www.eudonet.com\/fr\/wp-json\/wp\/v2\/media\/27851"}],"wp:attachment":[{"href":"https:\/\/www.eudonet.com\/fr\/wp-json\/wp\/v2\/media?parent=4911"}],"wp:term":[{"taxonomy":"post_tag","embeddable":true,"href":"https:\/\/www.eudonet.com\/fr\/wp-json\/wp\/v2\/tags?post=4911"},{"taxonomy":"sector","embeddable":true,"href":"https:\/\/www.eudonet.com\/fr\/wp-json\/wp\/v2\/sectors?post=4911"},{"taxonomy":"solution","embeddable":true,"href":"https:\/\/www.eudonet.com\/fr\/wp-json\/wp\/v2\/solutions?post=4911"}],"curies":[{"name":"wp","href":"https:\/\/api.w.org\/{rel}","templated":true}]}}